{"id":219,"count":5,"description":"Professional stage lights are an essential part of stage performances, concerts and other visual productions. These light sources not only illuminate the stage, but also create atmosphere, support storytelling and direct the audience&#039;s attention.\r\n\r\n<strong>A professzion\u00e1lis sz\u00ednpadf\u00e9nyek f\u0151bb t\u00edpusai:<\/strong>\r\n\r\n<strong>Mozg\u00f3fejes l\u00e1mp\u00e1k:<\/strong> Rendk\u00edv\u00fcl sokoldal\u00fa eszk\u00f6z\u00f6k, amelyekkel a f\u00e9ny sz\u00edn\u00e9t, intenzit\u00e1s\u00e1t, ir\u00e1ny\u00e1t \u00e9s f\u00f3kusz\u00e1t is lehet v\u00e1ltoztatni. Gyakran haszn\u00e1lj\u00e1k a sz\u00ednpad k\u00fcl\u00f6nb\u00f6z\u0151 pontjainak megvil\u00e1g\u00edt\u00e1s\u00e1ra, valamint speci\u00e1lis effektek l\u00e9trehoz\u00e1s\u00e1ra.\r\n\r\n<strong>LED panelek:<\/strong> Egyenletes, l\u00e1gy f\u00e9nyt biztos\u00edtanak, \u00e9s gyakran haszn\u00e1lj\u00e1k h\u00e1tt\u00e9rvil\u00e1g\u00edt\u00e1sk\u00e9nt vagy wash f\u00e9nyk\u00e9nt. K\u00fcl\u00f6nb\u00f6z\u0151 sz\u00edn\u0171 \u00e9s m\u00e9ret\u0171 LED panelek \u00e1llnak rendelkez\u00e9sre, \u00edgy a sz\u00ednpad k\u00fcl\u00f6nb\u00f6z\u0151 ter\u00fcleteinek megvil\u00e1g\u00edt\u00e1s\u00e1ra alkalmasak.\r\n\r\n<strong>Profil reflektorok:<\/strong> Sz\u0171k, \u00e9les f\u00e9nynyal\u00e1bot adnak, \u00e9s gyakran haszn\u00e1lj\u00e1k a sz\u00edn\u00e9szek megvil\u00e1g\u00edt\u00e1s\u00e1ra. A k\u00fcl\u00f6nb\u00f6z\u0151 m\u00e9ret\u0171 \u00e9s form\u00e1j\u00fa profil reflektorok seg\u00edts\u00e9g\u00e9vel a sz\u00edn\u00e9szek arc\u00e1t \u00e9s test\u00e9t prec\u00edzen lehet megvil\u00e1g\u00edtani.\r\n<strong>Fresnel reflektorok:<\/strong> Sz\u00e9les, l\u00e1gy f\u00e9nynyal\u00e1bot adnak, \u00e9s gyakran haszn\u00e1lj\u00e1k a d\u00edszletek megvil\u00e1g\u00edt\u00e1s\u00e1ra. A Fresnel reflektorok seg\u00edts\u00e9g\u00e9vel nagy ter\u00fcleteket lehet egyenletesen megvil\u00e1g\u00edtani.\r\n<strong>Ellipszoid reflektorok:<\/strong> Sz\u0171k, szab\u00e1lyozhat\u00f3 f\u00e9nynyal\u00e1bot adnak, \u00e9s gyakran haszn\u00e1lj\u00e1k a t\u00e1voli t\u00e1rgyak vagy a h\u00e1tt\u00e9r megvil\u00e1g\u00edt\u00e1s\u00e1ra.\r\n\r\n<strong>Stroboszk\u00f3pok:<\/strong> R\u00f6vid, intenz\u00edv f\u00e9nyvillan\u00e1sokat produk\u00e1lnak, amelyekkel dinamikus effekteket lehet l\u00e9trehozni.\r\n\r\n<strong>L\u00e9zerek:<\/strong> Sz\u00ednes, koncentr\u00e1lt f\u00e9nynyal\u00e1bokat vet\u00edtenek, amelyekkel k\u00fcl\u00f6nleges vizu\u00e1lis effekteket lehet l\u00e9trehozni.\r\n\r\n<strong>A professzion\u00e1lis sz\u00ednpadf\u00e9nyek jellemz\u0151i:<\/strong>\r\n\r\n<strong>Nagy f\u00e9nyer\u0151:<\/strong> A sz\u00ednpadf\u00e9nyeknek k\u00e9pesnek kell lenni\u00fck nagy ter\u00fcletek megvil\u00e1g\u00edt\u00e1s\u00e1ra, m\u00e9g er\u0151s k\u00f6rnyezeti f\u00e9nyviszonyok k\u00f6z\u00f6tt is.\r\n<strong>Sz\u00e9les sz\u00ednv\u00e1laszt\u00e9k:<\/strong> A modern sz\u00ednpadf\u00e9nyek k\u00e9pesek a teljes sz\u00ednpalett\u00e1t reproduk\u00e1lni, \u00edgy a tervez\u0151knek sz\u00e1mtalan lehet\u0151s\u00e9g\u00fck van a sz\u00ednvil\u00e1g kialak\u00edt\u00e1s\u00e1ra.\r\n<strong>Prec\u00edz ir\u00e1ny\u00edthat\u00f3s\u00e1g:<\/strong> A sz\u00ednpadf\u00e9nyeknek pontosan ir\u00e1ny\u00edthat\u00f3nak kell lenni\u00fck, hogy a f\u00e9ny a k\u00edv\u00e1nt helyre jusson.\r\n<strong>Csendes m\u0171k\u00f6d\u00e9s:<\/strong> A sz\u00ednpadf\u00e9nyeknek nem szabad zavar\u00f3 zajt kelteni\u00fck az el\u0151ad\u00e1s sor\u00e1n.\r\n<strong>Megb\u00edzhat\u00f3s\u00e1g:<\/strong> A professzion\u00e1lis sz\u00ednpadf\u00e9nyeknek hossz\u00fa \u00e9lettartam\u00faaknak \u00e9s megb\u00edzhat\u00f3an m\u0171k\u00f6d\u0151nek kell lenni\u00fck.\r\n\r\n<strong>A sz\u00ednpadf\u00e9nyek szerepe az el\u0151ad\u00e1sban:<\/strong>\r\n\r\n<strong>Hangulat teremt\u00e9s:<\/strong> A f\u00e9nyekkel lehet megteremteni a romantika, a dr\u00e1ma, a kom\u00e9dia vagy a horror hangulat\u00e1t.\r\n<strong>T\u00e9r ill\u00fazi\u00f3ja:<\/strong> A f\u00e9nyekkel lehet m\u00e9lys\u00e9get \u00e9s t\u00e1vols\u00e1got l\u00e9trehozni a sz\u00ednpadon.\r\n<strong>Figyelem ir\u00e1ny\u00edt\u00e1sa:<\/strong> A f\u00e9nyekkel lehet ir\u00e1ny\u00edtani a n\u00e9z\u0151k figyelm\u00e9t, \u00e9s kiemelni a fontos pillanatokat.\r\n<strong>St\u00edlus meghat\u00e1roz\u00e1sa:<\/strong> A f\u00e9nyekkel lehet hangs\u00falyozni az el\u0151ad\u00e1s st\u00edlus\u00e1t \u00e9s hangulat\u00e1t.\r\n\r\n<strong>A sz\u00ednpadf\u00e9nyek tervez\u00e9se \u00e9s \u00fczemeltet\u00e9se:<\/strong>\r\n\r\nA sz\u00ednpadf\u00e9nyek tervez\u00e9se \u00e9s \u00fczemeltet\u00e9se szak\u00e9rtelmet ig\u00e9nyl\u0151 feladat. A tervez\u0151nek figyelembe kell vennie az el\u0151ad\u00e1s st\u00edlus\u00e1t, a d\u00edszleteket, a jelmezeket, \u00e9s a sz\u00ednpad m\u00e9reteit. Az \u00fczemeltet\u0151nek pedig biztos\u00edtania kell, hogy a f\u00e9nyek a tervezett szerint m\u0171k\u00f6djenek az el\u0151ad\u00e1s sor\u00e1n.","link":"https:\/\/tzsvtav.com\/en\/product-category\/prolight\/","name":"ProLight","slug":"prolight","taxonomy":"product_cat","parent":0,"meta":[],"menu_order":0,"_links":{"self":[{"href":"https:\/\/tzsvtav.com\/en\/wp-json\/wp\/v2\/product_cat\/219","targetHints":{"allow":["GET"]}}],"collection":[{"href":"https:\/\/tzsvtav.com\/en\/wp-json\/wp\/v2\/product_cat"}],"about":[{"href":"https:\/\/tzsvtav.com\/en\/wp-json\/wp\/v2\/taxonomies\/product_cat"}],"wp:post_type":[{"href":"https:\/\/tzsvtav.com\/en\/wp-json\/wp\/v2\/product?product_cat=219"}],"curies":[{"name":"wp","href":"https:\/\/api.w.org\/{rel}","templated":true}]}}