{"id":15148,"date":"2025-08-04T16:43:50","date_gmt":"2025-08-04T15:43:50","guid":{"rendered":"https:\/\/tzsvtav.com\/?p=15148"},"modified":"2025-08-04T17:24:38","modified_gmt":"2025-08-04T16:24:38","slug":"led-fal-berles","status":"publish","type":"post","link":"https:\/\/tzsvtav.com\/en\/led-fal-berles\/","title":{"rendered":"K\u00fclt\u00e9ri LEDfal b\u00e9rl\u00e9s l\u00e9p\u00e9sr\u0151l l\u00e9p\u00e9sre: Tudnival\u00f3k"},"content":{"rendered":"<div data-elementor-type=\"wp-post\" data-elementor-id=\"15148\" class=\"elementor elementor-15148\" data-elementor-post-type=\"post\">\n\t\t\t\t<div class=\"elementor-element elementor-element-503401ab e-flex e-con-boxed e-con e-parent\" data-id=\"503401ab\" data-element_type=\"container\" data-e-type=\"container\" data-settings=\"{&quot;background_background&quot;:&quot;classic&quot;}\">\n\t\t\t\t\t<div class=\"e-con-inner\">\n\t\t\t\t<div class=\"elementor-element elementor-element-5641f908 elementor-widget elementor-widget-text-editor\" data-id=\"5641f908\" data-element_type=\"widget\" data-e-type=\"widget\" data-widget_type=\"text-editor.default\">\n\t\t\t\t\t\t\t\t\t\n<h2 id=\"miert-a-kulteri-ledfal-berles-a-legmodernebb-valasztas-rendezvenyekhez\" class=\"wp-block-heading\">Mi\u00e9rt a k\u00fclt\u00e9ri ledfal b\u00e9rl\u00e9s a legmodernebb v\u00e1laszt\u00e1s rendezv\u00e9nyekhez?<\/h2>\n\n<p><strong>A k\u00fclt\u00e9ri ledfal b\u00e9rl\u00e9s<\/strong> lehet\u0151v\u00e9 teszi, hogy rendezv\u00e9nyed vizu\u00e1lis \u00e9lm\u00e9nye kiemelkedjen a megszokott\u00f3l. Az <em>innovat\u00edv megold\u00e1sok<\/em> and the <strong>pr\u00e9mium min\u0151s\u00e9g\u0171<\/strong> megjelen\u00edt\u00e9s nemcsak a k\u00f6z\u00f6ns\u00e9g figyelm\u00e9t ragadja meg, hanem val\u00f3di \u00e9rt\u00e9ket is teremt a m\u00e1rka sz\u00e1m\u00e1ra. A testreszabott LED-kijelz\u0151k minden helysz\u00ednen rugalmasan alkalmazhat\u00f3k, \u00edgy b\u00e1rmilyen c\u00e9ges esem\u00e9nyen, konferenci\u00e1n vagy szabadt\u00e9ri rendezv\u00e9nyen kimagasl\u00f3 eredm\u00e9nyt \u00e9rhetsz el.<\/p>\n\n<h3 id=\"hogyan-emeli-ki-a-kulteri-ledfal-berles-a-rendezvenyed\" class=\"wp-block-heading\">Hogyan emeli ki a k\u00fclt\u00e9ri ledfal b\u00e9rl\u00e9s a rendezv\u00e9nyed?<\/h3>\n\n<p>Egy <strong>nagy m\u00e9ret\u0171, k\u00fclt\u00e9ri LED-kijelz\u0151<\/strong> l\u00e1tv\u00e1nyos f\u00f3kuszpontt\u00e1 alak\u00edtja b\u00e1rmely esem\u00e9nyt. Nemcsak az inform\u00e1ci\u00f3\u00e1tad\u00e1s v\u00e1lik egyszer\u0171bb\u00e9, hanem val\u00f3di \u00e9lm\u00e9nyt is teremt a r\u00e9sztvev\u0151k sz\u00e1m\u00e1ra. Egy c\u00e9ges ny\u00e1ri konferenci\u00e1n p\u00e9ld\u00e1ul a ledfal val\u00f3s idej\u0171 prezent\u00e1ci\u00f3kat, \u00e9l\u0151 k\u00f6zvet\u00edt\u00e9seket \u00e9s brand\u00fczeneteket jelen\u00edtett meg, \u00edgy minden r\u00e9sztvev\u0151 k\u00f6nnyen k\u00f6vethette az esem\u00e9nyeket, m\u00e9g a h\u00e1ts\u00f3 sorokb\u00f3l is. Egy szabadt\u00e9ri fesztiv\u00e1lon pedig a sz\u00ednpadi ledfal k\u00f6lcs\u00f6nz\u00e9s l\u00e1tv\u00e1nyos vizu\u00e1lis show-t tett lehet\u0151v\u00e9, amely a k\u00f6z\u00f6ns\u00e9g figyelm\u00e9t azonnal mag\u00e1val ragadta. Az ilyen <em>innovat\u00edv megold\u00e1sok<\/em> nemcsak emelik a rendezv\u00e9ny sz\u00ednvonal\u00e1t, hanem hozz\u00e1j\u00e1rulnak a tart\u00f3s \u00e9lm\u00e9nyhez \u00e9s a m\u00e1rka\u00e9p\u00edt\u00e9shez is.<\/p>\n\n<h3 id=\"szinpadi-vilagitas-es-hangtechnika-miert-fontos-az-integralt-megoldas\" class=\"wp-block-heading\">Sz\u00ednpadi vil\u00e1g\u00edt\u00e1s \u00e9s hangtechnika: mi\u00e9rt fontos az integr\u00e1lt megold\u00e1s?<\/h3>\n\n<p>Az igaz\u00e1n eml\u00e9kezetes rendezv\u00e9nyek titka az egys\u00e9ges technol\u00f3giai h\u00e1tt\u00e9r. Ha a <strong>k\u00fclt\u00e9ri ledfal b\u00e9rl\u00e9s<\/strong> mellett a sz\u00ednpadi vil\u00e1g\u00edt\u00e1s \u00e9s hangtechnika is integr\u00e1ltan ker\u00fcl megval\u00f3s\u00edt\u00e1sra, a vizu\u00e1lis \u00e9s hang\u00e9lm\u00e9ny t\u00f6k\u00e9letesen \u00f6sszhangba ker\u00fcl. Ez nemcsak l\u00e1tv\u00e1nyosabb\u00e1 teszi az esem\u00e9nyt, hanem megk\u00f6nny\u00edti a szervez\u00e9st is: egy k\u00e9zben tartott, testreszabott technol\u00f3giai csomaggal minden r\u00e9szletre kiterjed a figyelem. A tapasztalat azt mutatja, hogy ahol a ledfal, a vil\u00e1g\u00edt\u00e1s \u00e9s a hangtechnika szinergi\u00e1ban m\u0171k\u00f6dik, ott val\u00f3ban <em>pr\u00e9mium min\u0151s\u00e9g\u0171<\/em> \u00e9lm\u00e9ny sz\u00fcletik \u2013 legyen sz\u00f3 konferenci\u00e1r\u00f3l, c\u00e9ges rendezv\u00e9nyr\u0151l vagy szabadt\u00e9ri esem\u00e9nyr\u0151l.<\/p>\n\n<h2 id=\"kulteri-ledfal-berles-lepesrol-lepesre-igy-lesz-gordulekeny-a-folyamat\" class=\"wp-block-heading\">K\u00fclt\u00e9ri ledfal b\u00e9rl\u00e9s l\u00e9p\u00e9sr\u0151l l\u00e9p\u00e9sre: \u00edgy lesz g\u00f6rd\u00fcl\u00e9keny a folyamat<\/h2>\n\n<p>THE <strong>k\u00fclt\u00e9ri ledfal b\u00e9rl\u00e9s folyamata<\/strong> n\u00e1lunk \u00e1tl\u00e1that\u00f3 \u00e9s g\u00f6rd\u00fcl\u00e9keny, a szem\u00e9lyre szabott szakmai t\u00e1mogat\u00e1snak k\u00f6sz\u00f6nhet\u0151en. Megmutatjuk, mire sz\u00e1m\u00edthatsz az els\u0151 egyeztet\u00e9st\u0151l a helysz\u00edni telep\u00edt\u00e9sig, hogy a rendezv\u00e9nyed val\u00f3ban pr\u00e9mium min\u0151s\u00e9gben val\u00f3suljon meg.<\/p>\n\n<h3 id=\"gyors-indito-ellenorzolista-mire-figyelj-berles-elott\" class=\"wp-block-heading\">Gyors ind\u00edt\u00f3 ellen\u0151rz\u0151lista: mire figyelj b\u00e9rl\u00e9s el\u0151tt?<\/h3>\n\n<p><strong>Egy sikeres k\u00fclt\u00e9ri ledfal b\u00e9rl\u00e9s rendezv\u00e9nyre \u00e1tgondolt el\u0151k\u00e9sz\u00fcletet ig\u00e9nyel.<\/strong> Az al\u00e1bbi ellen\u0151rz\u0151lista seg\u00edt, hogy elker\u00fcld a tipikus hib\u00e1kat, \u00e9s val\u00f3ban pr\u00e9mium min\u0151s\u00e9g\u0171, testreszabott megold\u00e1st v\u00e1lassz:<\/p>\n\n<ul class=\"wp-block-list\">\n<li><strong>Rendezv\u00e9ny m\u00e9rete \u00e9s k\u00f6z\u00f6ns\u00e9ge:<\/strong> Hat\u00e1rozd meg, h\u00e1ny f\u0151 l\u00e1tja majd a ledfalat, milyen t\u00e1vols\u00e1gb\u00f3l.<\/li>\n\n<li><strong>F\u00e9nyer\u0151 \u00e9s felbont\u00e1s:<\/strong> K\u00fclt\u00e9ri haszn\u00e1latn\u00e1l kiemelten fontos a nagy f\u00e9nyer\u0151 \u00e9s az optim\u00e1lis pixelm\u00e9ret.<\/li>\n\n<li><strong>Id\u0151j\u00e1r\u00e1s-\u00e1ll\u00f3s\u00e1g:<\/strong> Ellen\u0151rizd, hogy a ledfal val\u00f3ban v\u00edz- \u00e9s por\u00e1ll\u00f3-e, megfelel-e a helyi k\u00f6r\u00fclm\u00e9nyeknek.<\/li>\n\n<li><strong>Helysz\u00edni adotts\u00e1gok:<\/strong> Gondolj az \u00e1ramell\u00e1t\u00e1sra, a r\u00f6gz\u00edt\u00e9si lehet\u0151s\u00e9gekre \u00e9s a sz\u00ednpadi vil\u00e1g\u00edt\u00e1s \u00f6sszhangj\u00e1ra.<\/li>\n\n<li><strong>Szolg\u00e1ltat\u00f3 megb\u00edzhat\u00f3s\u00e1ga:<\/strong> V\u00e1lassz olyan partnert, aki referenci\u00e1kkal \u00e9s szak\u00e9rt\u0151 csapattal biztos\u00edtja az innovat\u00edv megold\u00e1sokat.<\/li>\n<\/ul>\n\n<p>Ezeket \u00e1tgondolva magabiztosan d\u00f6nthetsz, \u00e9s elker\u00fclheted a kellemetlen meglepet\u00e9seket a rendezv\u00e9ny napj\u00e1n.<\/p>\n\n<h3 id=\"a-helyszini-telepites-kulisszatitkai-mitol-lesz-problemamentes-az-esemenyed\" class=\"wp-block-heading\">A helysz\u00edni telep\u00edt\u00e9s kulisszatitkai: mit\u0151l lesz probl\u00e9mamentes az esem\u00e9nyed?<\/h3>\n\n<p>A sikeres <strong>ledfal k\u00f6lcs\u00f6nz\u00e9s szabadt\u00e9ri esem\u00e9nyekhez<\/strong> egyik kulcsa a helysz\u00edni telep\u00edt\u00e9s profi lebonyol\u00edt\u00e1sa. A telep\u00edt\u00e9si napon a tapasztalt technikusok m\u00e1r el\u0151re ismerik a helysz\u00edn adotts\u00e1gait, \u00edgy gyorsan, biztons\u00e1gosan \u00e9s prec\u00edzen dolgoznak. <strong>A tesztel\u00e9s minden esetben k\u00f6telez\u0151<\/strong>: a rendszer minden elem\u00e9t ellen\u0151rizz\u00fck, hogy az \u00e9les ind\u00edt\u00e1skor ne \u00e9rhessen meglepet\u00e9s. Ha m\u00e9gis v\u00e1ratlan technikai kih\u00edv\u00e1s mer\u00fcl fel, a csapat azonnal megold\u00e1st k\u00edn\u00e1l, \u00edgy \u00d6n teljes nyugalommal koncentr\u00e1lhat a rendezv\u00e9ny tartalm\u00e1ra. <em>TZSVTAV is not just an LED display supplier and manufacturer \u2013 we are partners in elevating visual communication.<\/em><\/p>\n\n<h2 id=\"gyakori-tevhitek-es-buktatok-a-ledfal-berlesben-hogyan-keruld-el-oket\" class=\"wp-block-heading\">Gyakori t\u00e9vhitek \u00e9s buktat\u00f3k a ledfal b\u00e9rl\u00e9sben \u2013 hogyan ker\u00fcld el \u0151ket?<\/h2>\n\n<p>A k\u00fclt\u00e9ri ledfal b\u00e9rl\u00e9s kapcs\u00e1n sz\u00e1mos t\u00e9vhit \u00e9l a szakm\u00e1ban, amelyek k\u00f6nnyen megnehez\u00edthetik a d\u00f6nt\u00e9st. <strong>Gyakran tapasztaljuk, hogy az \u00e1tl\u00e1that\u00f3s\u00e1g \u00e9s a pr\u00e9mium min\u0151s\u00e9g hi\u00e1nya okozza a legt\u00f6bb f\u00e9lre\u00e9rt\u00e9st.<\/strong> Seg\u00edt\u00fcnk felismerni a buktat\u00f3kat, \u00e9s megmutatjuk, mire \u00e9rdemes val\u00f3ban odafigyelni.<\/p>\n\n<h3 id=\"leggyakoribb-hibak-elso-berlesnel-es-hogyan-oldd-meg-oket\" class=\"wp-block-heading\">Leggyakoribb hib\u00e1k els\u0151 b\u00e9rl\u00e9sn\u00e9l \u2013 \u00e9s hogyan oldd meg \u0151ket<\/h3>\n\n<p><strong>Sokan els\u0151 alkalommal ott hib\u00e1znak, hogy t\u00fal kicsi vagy gyenge f\u00e9nyerej\u0171 ledfalat v\u00e1lasztanak.<\/strong> Ez\u00e9rt mindig pontosan m\u00e9rje fel a helysz\u00ednt \u00e9s a n\u00e9z\u0151sz\u00e1mot. Egy m\u00e1sik gyakori hiba, ha az egyeztet\u00e9sek fel\u00fcletesek: a r\u00e9szletek, p\u00e9ld\u00e1ul a be\u00e9p\u00edt\u00e9si id\u0151 vagy a hangtechnika \u00f6sszehangol\u00e1sa elmarad, ami ak\u00e1r az esem\u00e9ny g\u00f6rd\u00fcl\u00e9kenys\u00e9g\u00e9t is vesz\u00e9lyeztetheti.<\/p>\n\n<ul class=\"wp-block-list\">\n<li>Mindig k\u00e9rjen helysz\u00edni bej\u00e1r\u00e1st \u2013 \u00edgy biztosan a rendezv\u00e9nyhez ill\u0151 ledfalat kap.<\/li>\n\n<li>Ellen\u0151rizze el\u0151re az \u00e1ramell\u00e1t\u00e1st \u00e9s a m\u0171szaki ig\u00e9nyeket.<\/li>\n\n<li>Ne hagyja az utols\u00f3 pillanatra a rendel\u00e9st: a pr\u00e9mium min\u0151s\u00e9g\u0171 <strong>k\u00fclt\u00e9ri ledfal b\u00e9rl\u00e9s<\/strong> n\u00e9pszer\u0171, id\u0151ben kell foglalni.<\/li>\n<\/ul>\n\n<p>Ezek a l\u00e9p\u00e9sek seg\u00edtenek, hogy m\u00e1r els\u0151re is <strong>innov\u00e1ci\u00f3t \u00e9s pr\u00e9mium min\u0151s\u00e9get<\/strong> kapjon, kompromisszumok n\u00e9lk\u00fcl.<\/p>\n\n<h3 id=\"miert-nem-eri-meg-kompromisszumot-kotni-a-minosegben\" class=\"wp-block-heading\">Mi\u00e9rt nem \u00e9ri meg kompromisszumot k\u00f6tni a min\u0151s\u00e9gben?<\/h3>\n\n<p>A min\u0151s\u00e9g a <em>konferenci\u00e1ra b\u00e9relhet\u0151 ledfal<\/em> eset\u00e9n nem csup\u00e1n eszt\u00e9tikai k\u00e9rd\u00e9s \u2013 hanem a rendezv\u00e9nyed siker\u00e9nek kulcsa. A gyenge f\u00e9nyer\u0151, pontatlan sz\u00ednek vagy v\u00e1ratlan technikai hib\u00e1k k\u00f6nnyen \u00e1rny\u00e9kot vethetnek m\u00e9g a legjobban szervezett esem\u00e9nyre is. Ha kompromisszumot k\u00f6tsz a min\u0151s\u00e9gben, kock\u00e1ztatod a professzion\u00e1lis megjelen\u00e9st \u00e9s az \u00fczenet hat\u00e9konys\u00e1g\u00e1t. <strong>Pr\u00e9mium min\u0151s\u00e9g\u0171, testreszabott megold\u00e1saink<\/strong> garant\u00e1lj\u00e1k a megb\u00edzhat\u00f3s\u00e1got, hibamentes m\u0171k\u00f6d\u00e9st \u00e9s a val\u00f3ban leny\u0171g\u00f6z\u0151 vizu\u00e1lis \u00e9lm\u00e9nyt \u2013 mindezt versenyk\u00e9pes \u00e1rk\u00e9pz\u00e9ssel. A TZSVTAV nem csup\u00e1n egy LED-kijelz\u0151 besz\u00e1ll\u00edt\u00f3 \u00e9s gy\u00e1rt\u00f3 \u2013 mi a vizu\u00e1lis kommunik\u00e1ci\u00f3 felemel\u00e9s\u00e9nek partnerei vagyunk.<\/p>\n\n<h2 id=\"konkret-peldak-igy-tett-sikeresse-egy-ceges-konferenciat-a-kulteri-ledfal-berles\" class=\"wp-block-heading\">Konkr\u00e9t p\u00e9ld\u00e1k: \u00edgy tett sikeress\u00e9 egy c\u00e9ges konferenci\u00e1t a k\u00fclt\u00e9ri ledfal b\u00e9rl\u00e9s<\/h2>\n\n<p>Egy val\u00f3s c\u00e9ges konferencia p\u00e9ld\u00e1j\u00e1n kereszt\u00fcl l\u00e1thatod, hogyan seg\u00edthet a <strong>sz\u00ednpadi ledfal k\u00f6lcs\u00f6nz\u00e9s<\/strong> abban, hogy az \u00fczenet val\u00f3ban c\u00e9lba \u00e9rjen, \u00e9s a rendezv\u00e9nyed kiemelked\u0151 vizu\u00e1lis \u00e9lm\u00e9nyt ny\u00fajtson. <strong>TZSVTAV is not just an LED display supplier and manufacturer \u2013 we are partners in elevating visual communication.<\/strong><\/p>\n\n<h3 id=\"rugalmassag-es-innovacio-a-gyakorlatban-egy-ugyfel-tapasztalatai\" class=\"wp-block-heading\">Rugalmass\u00e1g \u00e9s innov\u00e1ci\u00f3 a gyakorlatban: egy \u00fcgyf\u00e9l tapasztalatai<\/h3>\n\n<p>Egy k\u00f6zelm\u00faltbeli konferencia szervez\u0151i olyan <strong>k\u00fclt\u00e9ri ledfal b\u00e9rl\u00e9s<\/strong> mellett d\u00f6nt\u00f6ttek, ahol a rugalmass\u00e1g \u00e9s az innov\u00e1ci\u00f3 kulcsfontoss\u00e1g\u00fa volt. Az esem\u00e9ny napj\u00e1n v\u00e1ratlan id\u0151j\u00e1r\u00e1s-v\u00e1ltoz\u00e1s nehez\u00edtette a helysz\u00edni telep\u00edt\u00e9st, m\u00e9gis gyorsan alkalmazkodtunk a k\u00f6r\u00fclm\u00e9nyekhez: speci\u00e1lis, id\u0151j\u00e1r\u00e1s\u00e1ll\u00f3 ledfal-modulokat haszn\u00e1ltunk, \u00e9s val\u00f3s id\u0151ben m\u00f3dos\u00edtottuk a vizu\u00e1lis tartalmak be\u00e1ll\u00edt\u00e1sait. Az \u00fcgyf\u00e9l kiemelte, hogy a <strong>testreszabott, pr\u00e9mium min\u0151s\u00e9g\u0171 LED-kijelz\u0151<\/strong> nemcsak a l\u00e1tv\u00e1nyt, hanem a r\u00e9sztvev\u0151k \u00e9lm\u00e9ny\u00e9t is \u00faj szintre emelte. Ez az egy\u00fcttm\u0171k\u00f6d\u00e9s is bizony\u00edtja: a TZSVTAV nem csup\u00e1n egy LED-kijelz\u0151 besz\u00e1ll\u00edt\u00f3 \u00e9s gy\u00e1rt\u00f3 \u2013 mi a vizu\u00e1lis kommunik\u00e1ci\u00f3 felemel\u00e9s\u00e9nek partnerei vagyunk.<\/p>\n\n<h2 id=\"arak-megterules-es-motivacio-miert-eri-meg-belevagni-a-kulteri-ledfal-berlesbe\" class=\"wp-block-heading\">\u00c1rak, megt\u00e9r\u00fcl\u00e9s \u00e9s motiv\u00e1ci\u00f3: mi\u00e9rt \u00e9ri meg belev\u00e1gni a k\u00fclt\u00e9ri ledfal b\u00e9rl\u00e9sbe?<\/h2>\n\n<p>Az \u00e1rak \u00e9s a megt\u00e9r\u00fcl\u00e9s k\u00e9rd\u00e9se sok d\u00f6nt\u00e9shoz\u00f3t foglalkoztat, amikor k\u00fclt\u00e9ri ledfal b\u00e9rl\u00e9sen gondolkodik. A pr\u00e9mium min\u0151s\u00e9g\u0171, testreszabott megold\u00e1sok nemcsak versenyk\u00e9pes \u00e1rk\u00e9pz\u00e9ssel \u00e9rhet\u0151k el, hanem gyorsan \u00e9s m\u00e9rhet\u0151en megt\u00e9r\u00fclnek, ha a rendezv\u00e9nyed sikeress\u00e9ge a c\u00e9l. Fedezze fel, mire \u00e9rdemes figyelni a befektet\u00e9s tervez\u00e9sekor! Tov\u00e1bbi r\u00e9szletes inform\u00e1ci\u00f3kat a <a rel=\"noreferrer noopener\" href=\"https:\/\/www.rendezvenytechnika.hu\/ledfal-berles\" target=\"_blank\">rendezv\u00e9nytechnika.hu ledfal b\u00e9rl\u00e9s oldal\u00e1n<\/a> tal\u00e1lhat.<\/p>\n\n<h3 id=\"mitol-fuggnek-a-kulteri-led-falak-arai\" class=\"wp-block-heading\">Mit\u0151l f\u00fcggnek a k\u00fclt\u00e9ri led falak \u00e1rai?<\/h3>\n\n<p>A k\u00fclt\u00e9ri ledfal b\u00e9rl\u00e9s \u00e1ra sz\u00e1mos t\u00e9nyez\u0151t\u0151l f\u00fcgg, ez\u00e9rt \u00e9rdemes el\u0151re \u00e1tgondolni, mire lesz pontosan sz\u00fcks\u00e9ge. <strong>A m\u00e9ret \u00e9s a felbont\u00e1s<\/strong> alapvet\u0151en meghat\u00e1rozza a k\u00f6lts\u00e9geket: min\u00e9l nagyobb \u00e9s r\u00e9szletgazdagabb a LED-kijelz\u0151, ann\u00e1l magasabb lehet a d\u00edj. A <strong>b\u00e9rleti id\u0151<\/strong> hossza \u00e9s a <strong>sz\u00e1ll\u00edt\u00e1si t\u00e1vols\u00e1g<\/strong> szint\u00e9n befoly\u00e1solja az \u00e1rakat, ahogy a helysz\u00edni telep\u00edt\u00e9s \u00e9s az \u00fczemeltet\u00e9si t\u00e1mogat\u00e1s is. Ha <em>sz\u00ednpadi vil\u00e1g\u00edt\u00e1sra vagy hangtechnik\u00e1ra is sz\u00fcks\u00e9ge van<\/em>, \u00e9rdemes integr\u00e1lt, testreszabott csomagban gondolkodni, \u00edgy \u00e9rhet\u0151 el a legjobb \u00e1r-\u00e9rt\u00e9k ar\u00e1ny. A TZSVTAV versenyk\u00e9pes \u00e1rk\u00e9pz\u00e9se garant\u00e1lja, hogy pr\u00e9mium min\u0151s\u00e9get kap, rejtett k\u00f6lts\u00e9gek n\u00e9lk\u00fcl.<\/p>\n\n<h3 id=\"motivacios-fordulopont-mi-minden-mulhat-egy-jol-kivalasztott-ledfalon\" class=\"wp-block-heading\">Motiv\u00e1ci\u00f3s fordul\u00f3pont: mi minden m\u00falhat egy j\u00f3l kiv\u00e1lasztott ledfalon?<\/h3>\n\n<p>Gyakran al\u00e1becs\u00fclik, mennyi m\u00falik egy gondosan kiv\u00e1lasztott k\u00fclt\u00e9ri ledfalon. Egy nagy felbont\u00e1s\u00fa, testreszabott ledfal nemcsak a rendezv\u00e9ny vizu\u00e1lis \u00e9lm\u00e9ny\u00e9t emeli \u00faj szintre, hanem a m\u00e1rka preszt\u00edzs\u00e9t is er\u0151s\u00edti. Gondolj arra, amikor egy konferenci\u00e1n vagy c\u00e9ges esem\u00e9nyen a l\u00e1togat\u00f3k els\u0151k\u00e9nt a leny\u0171g\u00f6z\u0151 vizu\u00e1lis tartalmakat l\u00e1tj\u00e1k meg: ez a pillanat az, ami eml\u00e9kezetess\u00e9 teszi az esem\u00e9nyt, \u00e9s pozit\u00edv \u00e9rzelmeket kelt. <strong>A pr\u00e9mium min\u0151s\u00e9g\u0171, innovat\u00edv megold\u00e1sok mindig megt\u00e9r\u00fclnek, hiszen val\u00f3di fordul\u00f3pontot jelenthetnek a rendezv\u00e9ny siker\u00e9ben.<\/strong> Ne feledd, a TZSVTAV nem csup\u00e1n egy LED-kijelz\u0151 besz\u00e1ll\u00edt\u00f3 \u2013 mi a vizu\u00e1lis kommunik\u00e1ci\u00f3 felemel\u00e9s\u00e9nek partnerei vagyunk.<\/p>\n\t\t\t\t\t\t\t\t<\/div>\n\t\t\t\t<div class=\"elementor-element elementor-element-d53e93d elementor-widget elementor-widget-button\" data-id=\"d53e93d\" data-element_type=\"widget\" data-e-type=\"widget\" data-widget_type=\"button.default\">\n\t\t\t\t\t\t\t\t\t\t<a class=\"elementor-button elementor-button-link elementor-size-sm\" href=\"https:\/\/tzsvtav.com\/en\/led-fal-berles-es-szolgaltatasok-kersd-ajalatkerot\/\">\n\t\t\t\t\t\t<span class=\"elementor-button-content-wrapper\">\n\t\t\t\t\t\t\t\t\t<span class=\"elementor-button-text\">Request for quotation<\/span>\n\t\t\t\t\t<\/span>\n\t\t\t\t\t<\/a>\n\t\t\t\t\t\t\t\t<\/div>\n\t\t\t\t\t<\/div>\n\t\t\t\t<\/div>\n\t\t\t\t<\/div>","protected":false},"excerpt":{"rendered":"<p>Mi\u00e9rt a k\u00fclt\u00e9ri ledfal b\u00e9rl\u00e9s a legmodernebb v\u00e1laszt\u00e1s rendezv\u00e9nyekhez? A k\u00fclt\u00e9ri ledfal b\u00e9rl\u00e9s lehet\u0151v\u00e9 teszi, hogy rendezv\u00e9nyed vizu\u00e1lis \u00e9lm\u00e9nye kiemelkedjen a megszokott\u00f3l. Az innovat\u00edv megold\u00e1sok \u00e9s a pr\u00e9mium min\u0151s\u00e9g\u0171 megjelen\u00edt\u00e9s nemcsak a k\u00f6z\u00f6ns\u00e9g figyelm\u00e9t ragadja meg, hanem val\u00f3di \u00e9rt\u00e9ket is teremt a m\u00e1rka sz\u00e1m\u00e1ra. A testreszabott LED-kijelz\u0151k minden helysz\u00ednen rugalmasan alkalmazhat\u00f3k, \u00edgy b\u00e1rmilyen c\u00e9ges esem\u00e9nyen, [&hellip;]<\/p>\n","protected":false},"author":1,"featured_media":15159,"comment_status":"closed","ping_status":"closed","sticky":false,"template":"","format":"standard","meta":{"googlesitekit_rrm_CAowr62iDA:productID":"","_eb_attr":"","_uf_show_specific_survey":0,"_uf_disable_surveys":false,"_themeisle_gutenberg_block_has_review":false,"_jetpack_memberships_contains_paid_content":false,"footnotes":""},"categories":[1],"tags":[],"class_list":["post-15148","post","type-post","status-publish","format-standard","has-post-thumbnail","hentry","category-led-hirek"],"jetpack_featured_media_url":"https:\/\/tzsvtav.com\/wp-content\/uploads\/2025\/08\/image-1.png","jetpack_sharing_enabled":true,"_links":{"self":[{"href":"https:\/\/tzsvtav.com\/en\/wp-json\/wp\/v2\/posts\/15148","targetHints":{"allow":["GET"]}}],"collection":[{"href":"https:\/\/tzsvtav.com\/en\/wp-json\/wp\/v2\/posts"}],"about":[{"href":"https:\/\/tzsvtav.com\/en\/wp-json\/wp\/v2\/types\/post"}],"author":[{"embeddable":true,"href":"https:\/\/tzsvtav.com\/en\/wp-json\/wp\/v2\/users\/1"}],"replies":[{"embeddable":true,"href":"https:\/\/tzsvtav.com\/en\/wp-json\/wp\/v2\/comments?post=15148"}],"version-history":[{"count":0,"href":"https:\/\/tzsvtav.com\/en\/wp-json\/wp\/v2\/posts\/15148\/revisions"}],"wp:featuredmedia":[{"embeddable":true,"href":"https:\/\/tzsvtav.com\/en\/wp-json\/wp\/v2\/media\/15159"}],"wp:attachment":[{"href":"https:\/\/tzsvtav.com\/en\/wp-json\/wp\/v2\/media?parent=15148"}],"wp:term":[{"taxonomy":"category","embeddable":true,"href":"https:\/\/tzsvtav.com\/en\/wp-json\/wp\/v2\/categories?post=15148"},{"taxonomy":"post_tag","embeddable":true,"href":"https:\/\/tzsvtav.com\/en\/wp-json\/wp\/v2\/tags?post=15148"}],"curies":[{"name":"wp","href":"https:\/\/api.w.org\/{rel}","templated":true}]}}